{"id":1469,"date":"2026-07-14T11:21:32","date_gmt":"2026-07-14T09:21:32","guid":{"rendered":"https:\/\/pico-bello.hu\/?p=1469"},"modified":"2026-07-14T11:21:32","modified_gmt":"2026-07-14T09:21:32","slug":"miert-szamit-az-akadaly-szine-amit-a-lo-latasa-alapjan-erdemes-tudni","status":"publish","type":"post","link":"https:\/\/pico-bello.hu\/sk\/miert-szamit-az-akadaly-szine-amit-a-lo-latasa-alapjan-erdemes-tudni\/","title":{"rendered":"Pre\u010do z\u00e1le\u017e\u00ed na farbe prek\u00e1\u017eky? \u2013 \u010co je dobr\u00e9 vedie\u0165 o zrakov\u00fdch schopnostiach ko\u0148a"},"content":{"rendered":"<p><strong>Na pokro\u010dilej a profesion\u00e1lnej \u00farovni nie je v\u00fdber farby prek\u00e1\u017eok len estetickou z\u00e1le\u017eitos\u0165ou. Farba a kontrast ty\u010d\u00ed m\u00f4\u017eu ovplyvni\u0165, ako \u013eahko k\u00f4\u0148 prek\u00e1\u017eku vn\u00edma, preto je v z\u00e1vislosti od cie\u013ea tr\u00e9ningu vhodn\u00e9 farby vedome vybera\u0165.<\/strong><\/p>\n<p>Zrak kon\u00ed sa l\u00ed\u0161i od \u013eudsk\u00e9ho, a preto sa im t\u00e1 ist\u00e1 prek\u00e1\u017eka m\u00f4\u017ee javi\u0165 \u00faplne inak.<\/p>\n<h2>1. Ako k\u00f4\u0148 vn\u00edma farby?<\/h2>\n<p>Kone maj\u00fa dichromatick\u00e9 videnie, \u010do znamen\u00e1, \u017ee disponuj\u00fa dvoma druhmi farebn\u00fdch \u010dap\u00edkov. Pod\u013ea v\u00fdskumov predov\u0161etk\u00fdm <strong>dob\u0159e vn\u00edmaj\u00fa modr\u00fa a \u017eltkast\u00fa farebn\u00fa \u0161k\u00e1lu<\/strong>, zatia\u013e \u010do \u010dervenkast\u00e9 a oran\u017eov\u00e9 odtiene nedok\u00e1\u017eu rozl\u00ed\u0161i\u0165 tak ako \u013eudia.<\/p>\n<p>Okrem farieb v\u0161ak prinajmen\u0161om rovnako d\u00f4le\u017eit\u00fa \u00falohu zohr\u00e1va aj rozdiel v jasnosti a<strong> kontrast vytvoren\u00fd na pozad\u00ed<\/strong>.<\/p>\n<p>Napr\u00edklad na tr\u00e1vnatom ihrisku sa ty\u010de so zelenkast\u00fdm alebo hnedast\u00fdm odtie\u0148om m\u00f4\u017eu menej odli\u0161ova\u0165 od okolia ako prek\u00e1\u017eka v jasnej\u0161ej modrej alebo svetlej farbe.<\/p>\n<h2>2. V\u00fdcvik mlad\u00fdch alebo neist\u00fdch kon\u00ed<\/h2>\n<p>Ak je cie\u013eom, aby <strong>aby k\u00f4\u0148 \u013eah\u0161ie rozoznal prek\u00e1\u017eku<\/strong>, v takom pr\u00edpade sa oplat\u00ed zvoli\u0165 dobre vidite\u013en\u00e9, kontrastn\u00e9 farby.<\/p>\n<p>Modr\u00e1 a \u017elt\u00e1 farba s\u00fa \u010dasto dobrou vo\u013ebou, preto\u017ee tieto farby s\u00fa pre ko\u0148a dobre rozoznate\u013en\u00e9. Okrem toho striedanie svetl\u00fdch a tmav\u00fdch pruhov m\u00f4\u017ee ko\u0148ovi pom\u00f4c\u0165 \u013eah\u0161ie rozozna\u0165 polohu ty\u010de.<\/p>\n<p><strong>D\u00f4le\u017eit\u00e1 je nielen farba, ale aj pozadie<\/strong>: Prek\u00e1\u017eka s dobr\u00fdm kontrastom je zvy\u010dajne \u013eah\u0161ie rozpoznate\u013en\u00e1, \u010do m\u00f4\u017ee zv\u00fd\u0161i\u0165 sebavedomie najm\u00e4 u mlad\u00fdch alebo nesk\u00fasen\u00fdch kon\u00ed.<\/p>\n<h2>3. Tr\u00e9ning sk\u00fasen\u00fdch kon\u00ed<\/h2>\n<p>Na vy\u0161\u0161ej \u00farovni mnoh\u00ed tr\u00e9neri pou\u017e\u00edvaj\u00fa prek\u00e1\u017eky r\u00f4znych farieb a tvarov, aby <strong>aby sa k\u00f4\u0148 stretol s \u010do najv\u00e4\u010d\u0161\u00edm mno\u017estvom r\u00f4znych situ\u00e1ci\u00ed<\/strong> u\u017e aj pri cvi\u010den\u00ed doma.<\/p>\n<p>Jednofarebn\u00e9 ty\u010de alebo prek\u00e1\u017eky s ni\u017e\u0161\u00edm kontrastom m\u00f4\u017eu od ko\u0148a vy\u017eadova\u0165 v\u00e4\u010d\u0161iu pozornos\u0165, najm\u00e4 ak maj\u00fa podobn\u00fd odtie\u0148 ako pozadie. To m\u00f4\u017ee pom\u00f4c\u0165 tomu, aby k\u00f4\u0148 <strong>nespoliehajte sa v\u00fdlu\u010dne na n\u00e1padn\u00e9 vizu\u00e1lne sign\u00e1ly<\/strong>, ale pribl\u00ed\u017ete sa k prek\u00e1\u017eke v rovnomernom tempe a s dobrou rovnov\u00e1hou.<\/p>\n<p>Je v\u0161ak d\u00f4le\u017eit\u00e9, aby sme tak\u00e9to \u00falohy zav\u00e1dzali postupne a <strong>v\u017edy prisp\u00f4sobme \u00farovni v\u00fdcviku ko\u0148a.<\/strong><\/p>\n<h2>4. \u00daloha \u017eivotn\u00e9ho prostredia<\/h2>\n<p>Vidite\u013enos\u0165 prek\u00e1\u017eky je v\u017edy vhodn\u00e9 posudzova\u0165 v kontexte jej okolia.<\/p>\n<p>V krytej jazdiarni sa prek\u00e1\u017eky svetlej\u0161\u00edch farieb zvy\u010dajne lep\u0161ie vynikaj\u00fa na pozad\u00ed tmav\u00fdch stien alebo v tieni.<\/p>\n<p>Na pieskovom (suchom) vonkaj\u0161om ihrisku m\u00f4\u017eu biele alebo pr\u00edrodn\u00e9 dreven\u00e9 ty\u010de vytv\u00e1ra\u0165 men\u0161\u00ed kontrast, zatia\u013e \u010do <strong>tmav\u0161ie alebo jasnej\u0161ie farby sa daj\u00fa \u013eah\u0161ie odl\u00ed\u0161i\u0165 od p\u00f4dy.<\/strong><\/p>\n<p>Farba prek\u00e1\u017eky sama o sebe neur\u010duje, ako k\u00f4\u0148 sk\u00e1\u010de, ale vhodn\u00fd kontrast m\u00f4\u017ee pom\u00f4c\u0165 pri jej rozpozn\u00e1van\u00ed. Premyslen\u00fd v\u00fdber farby m\u00f4\u017ee najm\u00e4 u mlad\u00fdch kon\u00ed zv\u00fd\u0161i\u0165 ich sebavedomie, zatia\u013e \u010do <strong>U sk\u00fasen\u00fdch kon\u00ed m\u00f4\u017eu r\u00f4znorod\u00e9 prek\u00e1\u017eky prispie\u0165 k v\u0161estrann\u00e9mu tr\u00e9ningu.<\/strong><\/p>\n<p>Najd\u00f4le\u017eitej\u0161ie v\u0161ak na\u010falej zost\u00e1va spr\u00e1vny tr\u00e9ning, dobr\u00fd rytmus, <strong>rovnov\u00e1ha a konzistentn\u00e1 jazda na koni<\/strong> \u2013 \u017eiadna farba prek\u00e1\u017eky nem\u00f4\u017ee nahradi\u0165 ich \u00falohu.<\/p>\n<p><a href=\"https:\/\/pico-bello.hu\/sk\/termekkategoria\/akadalyok\/\">Kliknut\u00edm sem si prezrite na\u0161u ponuku prek\u00e1\u017eok v \u0161irokej \u0161k\u00e1le farieb.<\/a><\/p>","protected":false},"excerpt":{"rendered":"<p>Halad\u00f3 \u00e9s profi szinten az akad\u00e1lyok sz\u00edn\u00e9nek kiv\u00e1laszt\u00e1sa nem csup\u00e1n eszt\u00e9tikai k\u00e9rd\u00e9s. A rudak sz\u00edne \u00e9s kontrasztja befoly\u00e1solhatja, hogy a l\u00f3 milyen k\u00f6nnyen \u00e9rz\u00e9keli az akad\u00e1lyt, ez\u00e9rt az edz\u00e9s c\u00e9lj\u00e1t\u00f3l f\u00fcgg\u0151en \u00e9rdemes tudatosan megv\u00e1lasztani a sz\u00edneket. A lovak l\u00e1t\u00e1sa elt\u00e9r az ember\u00e9t\u0151l, \u00edgy ugyanaz az akad\u00e1ly eg\u00e9szen m\u00e1sk\u00e9pp jelenhet meg sz\u00e1mukra. 1. Hogyan l\u00e1tja a &#8230; <a title=\"Pre\u010do z\u00e1le\u017e\u00ed na farbe prek\u00e1\u017eky? \u2013 \u010co je dobr\u00e9 vedie\u0165 o zrakov\u00fdch schopnostiach ko\u0148a\" class=\"read-more\" href=\"https:\/\/pico-bello.hu\/sk\/miert-szamit-az-akadaly-szine-amit-a-lo-latasa-alapjan-erdemes-tudni\/\" aria-label=\"Pre\u010d\u00edtajte si viac o \u010dl\u00e1nku \u201ePre\u010do z\u00e1le\u017e\u00ed na farbe prek\u00e1\u017eky? \u2013 \u010co by ste mali vedie\u0165 o zrakov\u00fdch schopnostiach ko\u0148a\u201c\">Pre\u010d\u00edtajte si viac<\/a><\/p>","protected":false},"author":3,"featured_media":1471,"comment_status":"closed","ping_status":"closed","sticky":false,"template":"","format":"standard","meta":{"footnotes":""},"categories":[50],"tags":[],"class_list":["post-1469","post","type-post","status-publish","format-standard","has-post-thumbnail","hentry","category-akadalyok"],"yoast_head":"<!-- This site is optimized with the Yoast SEO Premium plugin v28.3 (Yoast SEO v28.3) - https:\/\/yoast.com\/product\/yoast-seo-premium-wordpress\/ -->\n<title>Akad\u00e1lyok sz\u00edne \u00e9s a lovak l\u00e1t\u00e1sa | Pico Bello<\/title>\n<meta name=\"description\" content=\"Hogyan l\u00e1tj\u00e1k a lovak az akad\u00e1lyok sz\u00edneit? Ismerje meg a dikrom\u00e1t l\u00e1t\u00e1s \u00e9s a kontrasztok szerep\u00e9t az edz\u00e9sben, \u00e9s v\u00e1lasszon akad\u00e1lyt a Pico Bello k\u00edn\u00e1lat\u00e1b\u00f3l!\" \/>\n<meta name=\"robots\" content=\"index, follow, max-snippet:-1, max-image-preview:large, max-video-preview:-1\" \/>\n<link rel=\"canonical\" href=\"https:\/\/pico-bello.hu\/sk\/miert-szamit-az-akadaly-szine-amit-a-lo-latasa-alapjan-erdemes-tudni\/\" \/>\n<meta property=\"og:locale\" content=\"sk_SK\" \/>\n<meta property=\"og:type\" content=\"article\" \/>\n<meta property=\"og:title\" content=\"Mi\u00e9rt sz\u00e1m\u00edt az akad\u00e1ly sz\u00edne? \u2013 Amit a l\u00f3 l\u00e1t\u00e1sa alapj\u00e1n \u00e9rdemes tudni | Pico-Bello\" \/>\n<meta property=\"og:description\" content=\"Hogyan l\u00e1tj\u00e1k a lovak az akad\u00e1lyok sz\u00edneit? Ismerje meg a dikrom\u00e1t l\u00e1t\u00e1s \u00e9s a kontrasztok szerep\u00e9t az edz\u00e9sben, \u00e9s v\u00e1lasszon akad\u00e1lyt a Pico Bello k\u00edn\u00e1lat\u00e1b\u00f3l!\" \/>\n<meta property=\"og:url\" content=\"https:\/\/pico-bello.hu\/sk\/miert-szamit-az-akadaly-szine-amit-a-lo-latasa-alapjan-erdemes-tudni\/\" \/>\n<meta property=\"og:site_name\" content=\"Pico-Bello\" \/>\n<meta property=\"article:published_time\" content=\"2026-07-14T09:21:32+00:00\" \/>\n<meta property=\"og:image\" content=\"https:\/\/pico-bello.hu\/wp-content\/uploads\/2026\/07\/akadalyok-szine.jpg\" \/>\n\t<meta property=\"og:image:width\" content=\"1024\" \/>\n\t<meta property=\"og:image:height\" content=\"1024\" \/>\n\t<meta property=\"og:image:type\" content=\"image\/jpeg\" \/>\n<meta name=\"author\" content=\"kisfrisch\" \/>\n<meta name=\"twitter:card\" content=\"summary_large_image\" \/>\n<meta name=\"twitter:label1\" content=\"Autor\" \/>\n\t<meta name=\"twitter:data1\" content=\"kisfrisch\" \/>\n\t<meta name=\"twitter:label2\" content=\"Predpokladan\u00fd \u010das \u010d\u00edtania\" \/>\n\t<meta name=\"twitter:data2\" content=\"3 min\u00faty\" \/>\n<script type=\"application\/ld+json\" class=\"yoast-schema-graph\">{\"@context\":\"https:\\\/\\\/schema.org\",\"@graph\":[{\"@type\":\"Article\",\"@id\":\"https:\\\/\\\/pico-bello.hu\\\/miert-szamit-az-akadaly-szine-amit-a-lo-latasa-alapjan-erdemes-tudni\\\/#article\",\"isPartOf\":{\"@id\":\"https:\\\/\\\/pico-bello.hu\\\/miert-szamit-az-akadaly-szine-amit-a-lo-latasa-alapjan-erdemes-tudni\\\/\"},\"author\":{\"name\":\"kisfrisch\",\"@id\":\"https:\\\/\\\/pico-bello.hu\\\/#\\\/schema\\\/person\\\/17858fb09c81472650b94bb4445c37ba\"},\"headline\":\"Mi\u00e9rt sz\u00e1m\u00edt az akad\u00e1ly sz\u00edne? \u2013 Amit a l\u00f3 l\u00e1t\u00e1sa alapj\u00e1n \u00e9rdemes tudni\",\"datePublished\":\"2026-07-14T09:21:32+00:00\",\"mainEntityOfPage\":{\"@id\":\"https:\\\/\\\/pico-bello.hu\\\/miert-szamit-az-akadaly-szine-amit-a-lo-latasa-alapjan-erdemes-tudni\\\/\"},\"wordCount\":686,\"publisher\":{\"@id\":\"https:\\\/\\\/pico-bello.hu\\\/#organization\"},\"image\":{\"@id\":\"https:\\\/\\\/pico-bello.hu\\\/miert-szamit-az-akadaly-szine-amit-a-lo-latasa-alapjan-erdemes-tudni\\\/#primaryimage\"},\"thumbnailUrl\":\"https:\\\/\\\/pico-bello.hu\\\/wp-content\\\/uploads\\\/2026\\\/07\\\/akadalyok-szine.jpg\",\"articleSection\":[\"Akad\u00e1lyok\"],\"inLanguage\":\"sk-SK\"},{\"@type\":\"WebPage\",\"@id\":\"https:\\\/\\\/pico-bello.hu\\\/miert-szamit-az-akadaly-szine-amit-a-lo-latasa-alapjan-erdemes-tudni\\\/\",\"url\":\"https:\\\/\\\/pico-bello.hu\\\/miert-szamit-az-akadaly-szine-amit-a-lo-latasa-alapjan-erdemes-tudni\\\/\",\"name\":\"Akad\u00e1lyok sz\u00edne \u00e9s a lovak l\u00e1t\u00e1sa | Pico Bello\",\"isPartOf\":{\"@id\":\"https:\\\/\\\/pico-bello.hu\\\/#website\"},\"primaryImageOfPage\":{\"@id\":\"https:\\\/\\\/pico-bello.hu\\\/miert-szamit-az-akadaly-szine-amit-a-lo-latasa-alapjan-erdemes-tudni\\\/#primaryimage\"},\"image\":{\"@id\":\"https:\\\/\\\/pico-bello.hu\\\/miert-szamit-az-akadaly-szine-amit-a-lo-latasa-alapjan-erdemes-tudni\\\/#primaryimage\"},\"thumbnailUrl\":\"https:\\\/\\\/pico-bello.hu\\\/wp-content\\\/uploads\\\/2026\\\/07\\\/akadalyok-szine.jpg\",\"datePublished\":\"2026-07-14T09:21:32+00:00\",\"description\":\"Hogyan l\u00e1tj\u00e1k a lovak az akad\u00e1lyok sz\u00edneit? Ismerje meg a dikrom\u00e1t l\u00e1t\u00e1s \u00e9s a kontrasztok szerep\u00e9t az edz\u00e9sben, \u00e9s v\u00e1lasszon akad\u00e1lyt a Pico Bello k\u00edn\u00e1lat\u00e1b\u00f3l!\",\"breadcrumb\":{\"@id\":\"https:\\\/\\\/pico-bello.hu\\\/miert-szamit-az-akadaly-szine-amit-a-lo-latasa-alapjan-erdemes-tudni\\\/#breadcrumb\"},\"inLanguage\":\"sk-SK\",\"potentialAction\":[{\"@type\":\"ReadAction\",\"target\":[\"https:\\\/\\\/pico-bello.hu\\\/miert-szamit-az-akadaly-szine-amit-a-lo-latasa-alapjan-erdemes-tudni\\\/\"]}]},{\"@type\":\"ImageObject\",\"inLanguage\":\"sk-SK\",\"@id\":\"https:\\\/\\\/pico-bello.hu\\\/miert-szamit-az-akadaly-szine-amit-a-lo-latasa-alapjan-erdemes-tudni\\\/#primaryimage\",\"url\":\"https:\\\/\\\/pico-bello.hu\\\/wp-content\\\/uploads\\\/2026\\\/07\\\/akadalyok-szine.jpg\",\"contentUrl\":\"https:\\\/\\\/pico-bello.hu\\\/wp-content\\\/uploads\\\/2026\\\/07\\\/akadalyok-szine.jpg\",\"width\":1024,\"height\":1024},{\"@type\":\"BreadcrumbList\",\"@id\":\"https:\\\/\\\/pico-bello.hu\\\/miert-szamit-az-akadaly-szine-amit-a-lo-latasa-alapjan-erdemes-tudni\\\/#breadcrumb\",\"itemListElement\":[{\"@type\":\"ListItem\",\"position\":1,\"name\":\"Kezd\u0151lap\",\"item\":\"https:\\\/\\\/pico-bello.hu\\\/\"},{\"@type\":\"ListItem\",\"position\":2,\"name\":\"Mi\u00e9rt sz\u00e1m\u00edt az akad\u00e1ly sz\u00edne? \u2013 Amit a l\u00f3 l\u00e1t\u00e1sa alapj\u00e1n \u00e9rdemes tudni\"}]},{\"@type\":\"WebSite\",\"@id\":\"https:\\\/\\\/pico-bello.hu\\\/#website\",\"url\":\"https:\\\/\\\/pico-bello.hu\\\/\",\"name\":\"Pico-Bello\",\"description\":\"D\u00edjugrat\u00f3 \u00e9s Military akad\u00e1lyok, lovas akad\u00e1lyrudak\",\"publisher\":{\"@id\":\"https:\\\/\\\/pico-bello.hu\\\/#organization\"},\"potentialAction\":[{\"@type\":\"SearchAction\",\"target\":{\"@type\":\"EntryPoint\",\"urlTemplate\":\"https:\\\/\\\/pico-bello.hu\\\/?s={search_term_string}\"},\"query-input\":{\"@type\":\"PropertyValueSpecification\",\"valueRequired\":true,\"valueName\":\"search_term_string\"}}],\"inLanguage\":\"sk-SK\"},{\"@type\":\"Organization\",\"@id\":\"https:\\\/\\\/pico-bello.hu\\\/#organization\",\"name\":\"Pico-Bello\",\"url\":\"https:\\\/\\\/pico-bello.hu\\\/\",\"logo\":{\"@type\":\"ImageObject\",\"inLanguage\":\"sk-SK\",\"@id\":\"https:\\\/\\\/pico-bello.hu\\\/#\\\/schema\\\/logo\\\/image\\\/\",\"url\":\"https:\\\/\\\/pico-bello.hu\\\/wp-content\\\/uploads\\\/2023\\\/03\\\/pico-bello-logo-512.png\",\"contentUrl\":\"https:\\\/\\\/pico-bello.hu\\\/wp-content\\\/uploads\\\/2023\\\/03\\\/pico-bello-logo-512.png\",\"width\":512,\"height\":512,\"caption\":\"Pico-Bello\"},\"image\":{\"@id\":\"https:\\\/\\\/pico-bello.hu\\\/#\\\/schema\\\/logo\\\/image\\\/\"}},{\"@type\":\"Person\",\"@id\":\"https:\\\/\\\/pico-bello.hu\\\/#\\\/schema\\\/person\\\/17858fb09c81472650b94bb4445c37ba\",\"name\":\"kisfrisch\",\"image\":{\"@type\":\"ImageObject\",\"inLanguage\":\"sk-SK\",\"@id\":\"https:\\\/\\\/secure.gravatar.com\\\/avatar\\\/138eb31f43d1c11124e4f96f48729bb19b7f7f89fe0dc05aea5963e1618714c0?s=96&d=mm&r=g\",\"url\":\"https:\\\/\\\/secure.gravatar.com\\\/avatar\\\/138eb31f43d1c11124e4f96f48729bb19b7f7f89fe0dc05aea5963e1618714c0?s=96&d=mm&r=g\",\"contentUrl\":\"https:\\\/\\\/secure.gravatar.com\\\/avatar\\\/138eb31f43d1c11124e4f96f48729bb19b7f7f89fe0dc05aea5963e1618714c0?s=96&d=mm&r=g\",\"caption\":\"kisfrisch\"}}]}<\/script>\n<!-- \/ Yoast SEO Premium plugin. -->","yoast_head_json":{"title":"Farba prek\u00e1\u017eok a zrak kon\u00ed | Pico Bello","description":"Ako kone vn\u00edmaj\u00fa farby prek\u00e1\u017eok? Zistite, ak\u00fa \u00falohu zohr\u00e1va dichromatick\u00e9 videnie a kontrasty v tr\u00e9ningu, a vyberte si prek\u00e1\u017eku z ponuky spolo\u010dnosti Pico Bello!","robots":{"index":"index","follow":"follow","max-snippet":"max-snippet:-1","max-image-preview":"max-image-preview:large","max-video-preview":"max-video-preview:-1"},"canonical":"https:\/\/pico-bello.hu\/sk\/miert-szamit-az-akadaly-szine-amit-a-lo-latasa-alapjan-erdemes-tudni\/","og_locale":"sk_SK","og_type":"article","og_title":"Mi\u00e9rt sz\u00e1m\u00edt az akad\u00e1ly sz\u00edne? \u2013 Amit a l\u00f3 l\u00e1t\u00e1sa alapj\u00e1n \u00e9rdemes tudni | Pico-Bello","og_description":"Hogyan l\u00e1tj\u00e1k a lovak az akad\u00e1lyok sz\u00edneit? Ismerje meg a dikrom\u00e1t l\u00e1t\u00e1s \u00e9s a kontrasztok szerep\u00e9t az edz\u00e9sben, \u00e9s v\u00e1lasszon akad\u00e1lyt a Pico Bello k\u00edn\u00e1lat\u00e1b\u00f3l!","og_url":"https:\/\/pico-bello.hu\/sk\/miert-szamit-az-akadaly-szine-amit-a-lo-latasa-alapjan-erdemes-tudni\/","og_site_name":"Pico-Bello","article_published_time":"2026-07-14T09:21:32+00:00","og_image":[{"width":1024,"height":1024,"url":"https:\/\/pico-bello.hu\/wp-content\/uploads\/2026\/07\/akadalyok-szine.jpg","type":"image\/jpeg"}],"author":"kisfrisch","twitter_card":"summary_large_image","twitter_misc":{"Autor":"kisfrisch","Predpokladan\u00fd \u010das \u010d\u00edtania":"3 min\u00faty"},"schema":{"@context":"https:\/\/schema.org","@graph":[{"@type":"Article","@id":"https:\/\/pico-bello.hu\/miert-szamit-az-akadaly-szine-amit-a-lo-latasa-alapjan-erdemes-tudni\/#article","isPartOf":{"@id":"https:\/\/pico-bello.hu\/miert-szamit-az-akadaly-szine-amit-a-lo-latasa-alapjan-erdemes-tudni\/"},"author":{"name":"kisfrisch","@id":"https:\/\/pico-bello.hu\/#\/schema\/person\/17858fb09c81472650b94bb4445c37ba"},"headline":"Mi\u00e9rt sz\u00e1m\u00edt az akad\u00e1ly sz\u00edne? \u2013 Amit a l\u00f3 l\u00e1t\u00e1sa alapj\u00e1n \u00e9rdemes tudni","datePublished":"2026-07-14T09:21:32+00:00","mainEntityOfPage":{"@id":"https:\/\/pico-bello.hu\/miert-szamit-az-akadaly-szine-amit-a-lo-latasa-alapjan-erdemes-tudni\/"},"wordCount":686,"publisher":{"@id":"https:\/\/pico-bello.hu\/#organization"},"image":{"@id":"https:\/\/pico-bello.hu\/miert-szamit-az-akadaly-szine-amit-a-lo-latasa-alapjan-erdemes-tudni\/#primaryimage"},"thumbnailUrl":"https:\/\/pico-bello.hu\/wp-content\/uploads\/2026\/07\/akadalyok-szine.jpg","articleSection":["Akad\u00e1lyok"],"inLanguage":"sk-SK"},{"@type":"WebPage","@id":"https:\/\/pico-bello.hu\/miert-szamit-az-akadaly-szine-amit-a-lo-latasa-alapjan-erdemes-tudni\/","url":"https:\/\/pico-bello.hu\/miert-szamit-az-akadaly-szine-amit-a-lo-latasa-alapjan-erdemes-tudni\/","name":"Farba prek\u00e1\u017eok a zrak kon\u00ed | Pico Bello","isPartOf":{"@id":"https:\/\/pico-bello.hu\/#website"},"primaryImageOfPage":{"@id":"https:\/\/pico-bello.hu\/miert-szamit-az-akadaly-szine-amit-a-lo-latasa-alapjan-erdemes-tudni\/#primaryimage"},"image":{"@id":"https:\/\/pico-bello.hu\/miert-szamit-az-akadaly-szine-amit-a-lo-latasa-alapjan-erdemes-tudni\/#primaryimage"},"thumbnailUrl":"https:\/\/pico-bello.hu\/wp-content\/uploads\/2026\/07\/akadalyok-szine.jpg","datePublished":"2026-07-14T09:21:32+00:00","description":"Ako kone vn\u00edmaj\u00fa farby prek\u00e1\u017eok? Zistite, ak\u00fa \u00falohu zohr\u00e1va dichromatick\u00e9 videnie a kontrasty v tr\u00e9ningu, a vyberte si prek\u00e1\u017eku z ponuky spolo\u010dnosti Pico Bello!","breadcrumb":{"@id":"https:\/\/pico-bello.hu\/miert-szamit-az-akadaly-szine-amit-a-lo-latasa-alapjan-erdemes-tudni\/#breadcrumb"},"inLanguage":"sk-SK","potentialAction":[{"@type":"ReadAction","target":["https:\/\/pico-bello.hu\/miert-szamit-az-akadaly-szine-amit-a-lo-latasa-alapjan-erdemes-tudni\/"]}]},{"@type":"ImageObject","inLanguage":"sk-SK","@id":"https:\/\/pico-bello.hu\/miert-szamit-az-akadaly-szine-amit-a-lo-latasa-alapjan-erdemes-tudni\/#primaryimage","url":"https:\/\/pico-bello.hu\/wp-content\/uploads\/2026\/07\/akadalyok-szine.jpg","contentUrl":"https:\/\/pico-bello.hu\/wp-content\/uploads\/2026\/07\/akadalyok-szine.jpg","width":1024,"height":1024},{"@type":"BreadcrumbList","@id":"https:\/\/pico-bello.hu\/miert-szamit-az-akadaly-szine-amit-a-lo-latasa-alapjan-erdemes-tudni\/#breadcrumb","itemListElement":[{"@type":"ListItem","position":1,"name":"Kezd\u0151lap","item":"https:\/\/pico-bello.hu\/"},{"@type":"ListItem","position":2,"name":"Mi\u00e9rt sz\u00e1m\u00edt az akad\u00e1ly sz\u00edne? \u2013 Amit a l\u00f3 l\u00e1t\u00e1sa alapj\u00e1n \u00e9rdemes tudni"}]},{"@type":"WebSite","@id":"https:\/\/pico-bello.hu\/#website","url":"https:\/\/pico-bello.hu\/","name":"Pico-Bello","description":"Prek\u00e1\u017ekov\u00e9 sk\u00e1kanie a vojensk\u00e9 prek\u00e1\u017eky, jazdeck\u00e1 steeplechase","publisher":{"@id":"https:\/\/pico-bello.hu\/#organization"},"potentialAction":[{"@type":"SearchAction","target":{"@type":"EntryPoint","urlTemplate":"https:\/\/pico-bello.hu\/?s={search_term_string}"},"query-input":{"@type":"PropertyValueSpecification","valueRequired":true,"valueName":"search_term_string"}}],"inLanguage":"sk-SK"},{"@type":"Organization","@id":"https:\/\/pico-bello.hu\/#organization","name":"Pico-Bello","url":"https:\/\/pico-bello.hu\/","logo":{"@type":"ImageObject","inLanguage":"sk-SK","@id":"https:\/\/pico-bello.hu\/#\/schema\/logo\/image\/","url":"https:\/\/pico-bello.hu\/wp-content\/uploads\/2023\/03\/pico-bello-logo-512.png","contentUrl":"https:\/\/pico-bello.hu\/wp-content\/uploads\/2023\/03\/pico-bello-logo-512.png","width":512,"height":512,"caption":"Pico-Bello"},"image":{"@id":"https:\/\/pico-bello.hu\/#\/schema\/logo\/image\/"}},{"@type":"Person","@id":"https:\/\/pico-bello.hu\/#\/schema\/person\/17858fb09c81472650b94bb4445c37ba","name":"kisfrisch","image":{"@type":"ImageObject","inLanguage":"sk-SK","@id":"https:\/\/secure.gravatar.com\/avatar\/138eb31f43d1c11124e4f96f48729bb19b7f7f89fe0dc05aea5963e1618714c0?s=96&d=mm&r=g","url":"https:\/\/secure.gravatar.com\/avatar\/138eb31f43d1c11124e4f96f48729bb19b7f7f89fe0dc05aea5963e1618714c0?s=96&d=mm&r=g","contentUrl":"https:\/\/secure.gravatar.com\/avatar\/138eb31f43d1c11124e4f96f48729bb19b7f7f89fe0dc05aea5963e1618714c0?s=96&d=mm&r=g","caption":"kisfrisch"}}]}},"_links":{"self":[{"href":"https:\/\/pico-bello.hu\/sk\/wp-json\/wp\/v2\/posts\/1469","targetHints":{"allow":["GET"]}}],"collection":[{"href":"https:\/\/pico-bello.hu\/sk\/wp-json\/wp\/v2\/posts"}],"about":[{"href":"https:\/\/pico-bello.hu\/sk\/wp-json\/wp\/v2\/types\/post"}],"author":[{"embeddable":true,"href":"https:\/\/pico-bello.hu\/sk\/wp-json\/wp\/v2\/users\/3"}],"replies":[{"embeddable":true,"href":"https:\/\/pico-bello.hu\/sk\/wp-json\/wp\/v2\/comments?post=1469"}],"version-history":[{"count":1,"href":"https:\/\/pico-bello.hu\/sk\/wp-json\/wp\/v2\/posts\/1469\/revisions"}],"predecessor-version":[{"id":1472,"href":"https:\/\/pico-bello.hu\/sk\/wp-json\/wp\/v2\/posts\/1469\/revisions\/1472"}],"wp:featuredmedia":[{"embeddable":true,"href":"https:\/\/pico-bello.hu\/sk\/wp-json\/wp\/v2\/media\/1471"}],"wp:attachment":[{"href":"https:\/\/pico-bello.hu\/sk\/wp-json\/wp\/v2\/media?parent=1469"}],"wp:term":[{"taxonomy":"category","embeddable":true,"href":"https:\/\/pico-bello.hu\/sk\/wp-json\/wp\/v2\/categories?post=1469"},{"taxonomy":"post_tag","embeddable":true,"href":"https:\/\/pico-bello.hu\/sk\/wp-json\/wp\/v2\/tags?post=1469"}],"curies":[{"name":"wp","href":"https:\/\/api.w.org\/{rel}","templated":true}]}}