{"id":1469,"date":"2026-07-14T11:21:32","date_gmt":"2026-07-14T09:21:32","guid":{"rendered":"https:\/\/pico-bello.hu\/?p=1469"},"modified":"2026-07-14T11:21:32","modified_gmt":"2026-07-14T09:21:32","slug":"miert-szamit-az-akadaly-szine-amit-a-lo-latasa-alapjan-erdemes-tudni","status":"publish","type":"post","link":"https:\/\/pico-bello.hu\/ro\/miert-szamit-az-akadaly-szine-amit-a-lo-latasa-alapjan-erdemes-tudni\/","title":{"rendered":"De ce conteaz\u0103 culoarea obstacolului? \u2013 Ce trebuie s\u0103 \u0219tii despre vederea calului"},"content":{"rendered":"<p><strong>La nivel avansat \u0219i profesionist, alegerea culorii obstacolelor nu este doar o chestiune estetic\u0103. Culoarea \u0219i contrastul barelor pot influen\u021ba u\u0219urin\u021ba cu care calul percepe obstacolul, de aceea, \u00een func\u021bie de obiectivul antrenamentului, este recomandat s\u0103 se aleag\u0103 culorile \u00een mod con\u0219tient.<\/strong><\/p>\n<p>Vederea cailor este diferit\u0103 de cea a omului, astfel \u00eenc\u00e2t acela\u0219i obstacol poate ap\u0103rea cu totul altfel pentru ei.<\/p>\n<h2>1. Cum vede calul culorile?<\/h2>\n<p>Caii au vedere dicromatic\u0103, adic\u0103 dispun de dou\u0103 tipuri de celule conice care percep culorile. Conform cercet\u0103rilor, \u00een primul r\u00e2nd <strong>distin bine nuan\u021bele de albastru \u0219i de galben<\/strong>, \u00een timp ce nu pot distinge nuan\u021bele de ro\u0219u \u0219i portocaliu la fel de bine ca oamenii.<\/p>\n<p>Pe l\u00e2ng\u0103 culori, \u00eens\u0103, diferen\u021ba de luminozitate \u0219i<strong> contrastul creat cu fundalul<\/strong>lui.<\/p>\n<p>De exemplu, pe un teren cu iarb\u0103, barele de nuan\u021be verzui sau maronii se disting mai greu de fundal dec\u00e2t un obstacol de culoare albastr\u0103 mai intens\u0103 sau de o culoare deschis\u0103.<\/p>\n<h2>2. Dresajul cailor tineri sau nesiguri<\/h2>\n<p>Dac\u0103 scopul este ca <strong>ca calul s\u0103 recunoasc\u0103 mai u\u0219or obstacolul<\/strong>, atunci este recomandat s\u0103 alege\u021bi culori bine vizibile \u0219i cu un contrast ridicat.<\/p>\n<p>Albastrul \u0219i galbenul sunt adesea o alegere bun\u0103, deoarece aceste culori sunt u\u0219or de perceput \u0219i de c\u0103tre cal. \u00cen plus, alternan\u021ba dintre dungile deschise \u0219i cele \u00eenchise la culoare poate ajuta calul s\u0103 perceap\u0103 mai u\u0219or pozi\u021bia barei.<\/p>\n<p><strong>Nu doar culoarea, ci \u0219i fundalul este important<\/strong>: un obstacol cu un contrast bun este, de obicei, mai u\u0219or de recunoscut, ceea ce poate spori \u00eencrederea, \u00een special \u00een cazul cailor tineri sau f\u0103r\u0103 experien\u021b\u0103.<\/p>\n<h2>3. Antrenamentul cailor cu experien\u021b\u0103<\/h2>\n<p>La niveluri superioare, mul\u021bi antrenori folosesc obstacole de culori \u0219i forme diverse pentru a <strong>ca calul s\u0103 se confrunte cu c\u00e2t mai multe situa\u021bii diferite<\/strong> chiar \u0219i \u00een timpul antrenamentelor de acas\u0103.<\/p>\n<p>Barele de o singur\u0103 culoare sau obstacolele cu un contrast redus pot necesita o aten\u021bie sporit\u0103 din partea calului, mai ales dac\u0103 au nuan\u021be similare cu cele ale fundalului. Acest lucru poate ajuta calul s\u0103 <strong>nu v\u0103 baza\u021bi exclusiv pe semnele vizuale evidente<\/strong>, ci s\u0103 se apropie de obstacol \u00eentr-un ritm constant \u0219i cu un echilibru bun.<\/p>\n<p>Este \u00eens\u0103 important ca astfel de sarcini s\u0103 fie introduse treptat \u0219i <strong>s\u0103 o adapt\u0103m \u00eentotdeauna la nivelul de preg\u0103tire al calului.<\/strong><\/p>\n<h2>4. Rolul mediului<\/h2>\n<p>Este recomandabil s\u0103 se analizeze \u00eentotdeauna vizibilitatea unui obstacol \u00een contextul mediului \u00eenconjur\u0103tor.<\/p>\n<p>\u00centr-un manej acoperit, obstacolele de culoare mai deschis\u0103 ies, de obicei, mai bine \u00een eviden\u021b\u0103 pe fundalul pere\u021bilor \u00eentuneca\u021bi sau al unui fundal umbrit.<\/p>\n<p>Pe un teren exterior cu nisip (uscat), st\u00e2lpii din lemn alb sau natural pot oferi un contrast mai redus, \u00een timp ce <strong>culorile mai \u00eenchise sau mai vii se disting mai u\u0219or de sol.<\/strong><\/p>\n<p>Culoarea obstacolului nu determin\u0103 \u00een sine modul \u00een care sare calul, dar un contrast adecvat poate ajuta la recunoa\u0219terea acestuia. Alegerea con\u0219tient\u0103 a culorii poate spori \u00eencrederea, \u00een special \u00een cazul cailor tineri, \u00een timp ce <strong>\u00cen cazul cailor mai experimenta\u021bi, obstacolele variate pot contribui la o preg\u0103tire versatil\u0103.<\/strong><\/p>\n<p>Totu\u0219i, cel mai important r\u0103m\u00e2ne \u00een continuare antrenamentul adecvat, ritmul bun, <strong>echilibrul \u0219i c\u0103l\u0103ria consecvent\u0103<\/strong> \u2013 niciun tip de marcaj de obstacol nu poate \u00eenlocui rolul acestora.<\/p>\n<p><a href=\"https:\/\/pico-bello.hu\/ro\/termekkategoria\/akadalyok\/\">Explora\u021bi gama noastr\u0103 variat\u0103 de obstacole f\u0103c\u00e2nd clic aici.<\/a><\/p>","protected":false},"excerpt":{"rendered":"<p>Halad\u00f3 \u00e9s profi szinten az akad\u00e1lyok sz\u00edn\u00e9nek kiv\u00e1laszt\u00e1sa nem csup\u00e1n eszt\u00e9tikai k\u00e9rd\u00e9s. A rudak sz\u00edne \u00e9s kontrasztja befoly\u00e1solhatja, hogy a l\u00f3 milyen k\u00f6nnyen \u00e9rz\u00e9keli az akad\u00e1lyt, ez\u00e9rt az edz\u00e9s c\u00e9lj\u00e1t\u00f3l f\u00fcgg\u0151en \u00e9rdemes tudatosan megv\u00e1lasztani a sz\u00edneket. A lovak l\u00e1t\u00e1sa elt\u00e9r az ember\u00e9t\u0151l, \u00edgy ugyanaz az akad\u00e1ly eg\u00e9szen m\u00e1sk\u00e9pp jelenhet meg sz\u00e1mukra. 1. Hogyan l\u00e1tja a &#8230; <a title=\"De ce conteaz\u0103 culoarea obstacolului? \u2013 Ce trebuie s\u0103 \u0219tii despre vederea calului\" class=\"read-more\" href=\"https:\/\/pico-bello.hu\/ro\/miert-szamit-az-akadaly-szine-amit-a-lo-latasa-alapjan-erdemes-tudni\/\" aria-label=\"Afl\u0103 mai multe despre \u201eDe ce conteaz\u0103 culoarea obstacolului?\u201d \u2013 Ce trebuie s\u0103 \u0219tii despre vederea calului\">Cite\u0219te mai mult<\/a><\/p>","protected":false},"author":3,"featured_media":1471,"comment_status":"closed","ping_status":"closed","sticky":false,"template":"","format":"standard","meta":{"footnotes":""},"categories":[50],"tags":[],"class_list":["post-1469","post","type-post","status-publish","format-standard","has-post-thumbnail","hentry","category-akadalyok"],"yoast_head":"<!-- This site is optimized with the Yoast SEO Premium plugin v28.3 (Yoast SEO v28.3) - https:\/\/yoast.com\/product\/yoast-seo-premium-wordpress\/ -->\n<title>Akad\u00e1lyok sz\u00edne \u00e9s a lovak l\u00e1t\u00e1sa | Pico Bello<\/title>\n<meta name=\"description\" content=\"Hogyan l\u00e1tj\u00e1k a lovak az akad\u00e1lyok sz\u00edneit? Ismerje meg a dikrom\u00e1t l\u00e1t\u00e1s \u00e9s a kontrasztok szerep\u00e9t az edz\u00e9sben, \u00e9s v\u00e1lasszon akad\u00e1lyt a Pico Bello k\u00edn\u00e1lat\u00e1b\u00f3l!\" \/>\n<meta name=\"robots\" content=\"index, follow, max-snippet:-1, max-image-preview:large, max-video-preview:-1\" \/>\n<link rel=\"canonical\" href=\"https:\/\/pico-bello.hu\/ro\/miert-szamit-az-akadaly-szine-amit-a-lo-latasa-alapjan-erdemes-tudni\/\" \/>\n<meta property=\"og:locale\" content=\"ro_RO\" \/>\n<meta property=\"og:type\" content=\"article\" \/>\n<meta property=\"og:title\" content=\"Mi\u00e9rt sz\u00e1m\u00edt az akad\u00e1ly sz\u00edne? \u2013 Amit a l\u00f3 l\u00e1t\u00e1sa alapj\u00e1n \u00e9rdemes tudni | Pico-Bello\" \/>\n<meta property=\"og:description\" content=\"Hogyan l\u00e1tj\u00e1k a lovak az akad\u00e1lyok sz\u00edneit? Ismerje meg a dikrom\u00e1t l\u00e1t\u00e1s \u00e9s a kontrasztok szerep\u00e9t az edz\u00e9sben, \u00e9s v\u00e1lasszon akad\u00e1lyt a Pico Bello k\u00edn\u00e1lat\u00e1b\u00f3l!\" \/>\n<meta property=\"og:url\" content=\"https:\/\/pico-bello.hu\/ro\/miert-szamit-az-akadaly-szine-amit-a-lo-latasa-alapjan-erdemes-tudni\/\" \/>\n<meta property=\"og:site_name\" content=\"Pico-Bello\" \/>\n<meta property=\"article:published_time\" content=\"2026-07-14T09:21:32+00:00\" \/>\n<meta property=\"og:image\" content=\"https:\/\/pico-bello.hu\/wp-content\/uploads\/2026\/07\/akadalyok-szine.jpg\" \/>\n\t<meta property=\"og:image:width\" content=\"1024\" \/>\n\t<meta property=\"og:image:height\" content=\"1024\" \/>\n\t<meta property=\"og:image:type\" content=\"image\/jpeg\" \/>\n<meta name=\"author\" content=\"kisfrisch\" \/>\n<meta name=\"twitter:card\" content=\"summary_large_image\" \/>\n<meta name=\"twitter:label1\" content=\"Scris de\" \/>\n\t<meta name=\"twitter:data1\" content=\"kisfrisch\" \/>\n\t<meta name=\"twitter:label2\" content=\"Timp estimat pentru citire\" \/>\n\t<meta name=\"twitter:data2\" content=\"3 minute\" \/>\n<script type=\"application\/ld+json\" class=\"yoast-schema-graph\">{\"@context\":\"https:\\\/\\\/schema.org\",\"@graph\":[{\"@type\":\"Article\",\"@id\":\"https:\\\/\\\/pico-bello.hu\\\/miert-szamit-az-akadaly-szine-amit-a-lo-latasa-alapjan-erdemes-tudni\\\/#article\",\"isPartOf\":{\"@id\":\"https:\\\/\\\/pico-bello.hu\\\/miert-szamit-az-akadaly-szine-amit-a-lo-latasa-alapjan-erdemes-tudni\\\/\"},\"author\":{\"name\":\"kisfrisch\",\"@id\":\"https:\\\/\\\/pico-bello.hu\\\/#\\\/schema\\\/person\\\/17858fb09c81472650b94bb4445c37ba\"},\"headline\":\"Mi\u00e9rt sz\u00e1m\u00edt az akad\u00e1ly sz\u00edne? \u2013 Amit a l\u00f3 l\u00e1t\u00e1sa alapj\u00e1n \u00e9rdemes tudni\",\"datePublished\":\"2026-07-14T09:21:32+00:00\",\"mainEntityOfPage\":{\"@id\":\"https:\\\/\\\/pico-bello.hu\\\/miert-szamit-az-akadaly-szine-amit-a-lo-latasa-alapjan-erdemes-tudni\\\/\"},\"wordCount\":686,\"publisher\":{\"@id\":\"https:\\\/\\\/pico-bello.hu\\\/#organization\"},\"image\":{\"@id\":\"https:\\\/\\\/pico-bello.hu\\\/miert-szamit-az-akadaly-szine-amit-a-lo-latasa-alapjan-erdemes-tudni\\\/#primaryimage\"},\"thumbnailUrl\":\"https:\\\/\\\/pico-bello.hu\\\/wp-content\\\/uploads\\\/2026\\\/07\\\/akadalyok-szine.jpg\",\"articleSection\":[\"Akad\u00e1lyok\"],\"inLanguage\":\"ro-RO\"},{\"@type\":\"WebPage\",\"@id\":\"https:\\\/\\\/pico-bello.hu\\\/miert-szamit-az-akadaly-szine-amit-a-lo-latasa-alapjan-erdemes-tudni\\\/\",\"url\":\"https:\\\/\\\/pico-bello.hu\\\/miert-szamit-az-akadaly-szine-amit-a-lo-latasa-alapjan-erdemes-tudni\\\/\",\"name\":\"Akad\u00e1lyok sz\u00edne \u00e9s a lovak l\u00e1t\u00e1sa | Pico Bello\",\"isPartOf\":{\"@id\":\"https:\\\/\\\/pico-bello.hu\\\/#website\"},\"primaryImageOfPage\":{\"@id\":\"https:\\\/\\\/pico-bello.hu\\\/miert-szamit-az-akadaly-szine-amit-a-lo-latasa-alapjan-erdemes-tudni\\\/#primaryimage\"},\"image\":{\"@id\":\"https:\\\/\\\/pico-bello.hu\\\/miert-szamit-az-akadaly-szine-amit-a-lo-latasa-alapjan-erdemes-tudni\\\/#primaryimage\"},\"thumbnailUrl\":\"https:\\\/\\\/pico-bello.hu\\\/wp-content\\\/uploads\\\/2026\\\/07\\\/akadalyok-szine.jpg\",\"datePublished\":\"2026-07-14T09:21:32+00:00\",\"description\":\"Hogyan l\u00e1tj\u00e1k a lovak az akad\u00e1lyok sz\u00edneit? Ismerje meg a dikrom\u00e1t l\u00e1t\u00e1s \u00e9s a kontrasztok szerep\u00e9t az edz\u00e9sben, \u00e9s v\u00e1lasszon akad\u00e1lyt a Pico Bello k\u00edn\u00e1lat\u00e1b\u00f3l!\",\"breadcrumb\":{\"@id\":\"https:\\\/\\\/pico-bello.hu\\\/miert-szamit-az-akadaly-szine-amit-a-lo-latasa-alapjan-erdemes-tudni\\\/#breadcrumb\"},\"inLanguage\":\"ro-RO\",\"potentialAction\":[{\"@type\":\"ReadAction\",\"target\":[\"https:\\\/\\\/pico-bello.hu\\\/miert-szamit-az-akadaly-szine-amit-a-lo-latasa-alapjan-erdemes-tudni\\\/\"]}]},{\"@type\":\"ImageObject\",\"inLanguage\":\"ro-RO\",\"@id\":\"https:\\\/\\\/pico-bello.hu\\\/miert-szamit-az-akadaly-szine-amit-a-lo-latasa-alapjan-erdemes-tudni\\\/#primaryimage\",\"url\":\"https:\\\/\\\/pico-bello.hu\\\/wp-content\\\/uploads\\\/2026\\\/07\\\/akadalyok-szine.jpg\",\"contentUrl\":\"https:\\\/\\\/pico-bello.hu\\\/wp-content\\\/uploads\\\/2026\\\/07\\\/akadalyok-szine.jpg\",\"width\":1024,\"height\":1024},{\"@type\":\"BreadcrumbList\",\"@id\":\"https:\\\/\\\/pico-bello.hu\\\/miert-szamit-az-akadaly-szine-amit-a-lo-latasa-alapjan-erdemes-tudni\\\/#breadcrumb\",\"itemListElement\":[{\"@type\":\"ListItem\",\"position\":1,\"name\":\"Kezd\u0151lap\",\"item\":\"https:\\\/\\\/pico-bello.hu\\\/\"},{\"@type\":\"ListItem\",\"position\":2,\"name\":\"Mi\u00e9rt sz\u00e1m\u00edt az akad\u00e1ly sz\u00edne? \u2013 Amit a l\u00f3 l\u00e1t\u00e1sa alapj\u00e1n \u00e9rdemes tudni\"}]},{\"@type\":\"WebSite\",\"@id\":\"https:\\\/\\\/pico-bello.hu\\\/#website\",\"url\":\"https:\\\/\\\/pico-bello.hu\\\/\",\"name\":\"Pico-Bello\",\"description\":\"D\u00edjugrat\u00f3 \u00e9s Military akad\u00e1lyok, lovas akad\u00e1lyrudak\",\"publisher\":{\"@id\":\"https:\\\/\\\/pico-bello.hu\\\/#organization\"},\"potentialAction\":[{\"@type\":\"SearchAction\",\"target\":{\"@type\":\"EntryPoint\",\"urlTemplate\":\"https:\\\/\\\/pico-bello.hu\\\/?s={search_term_string}\"},\"query-input\":{\"@type\":\"PropertyValueSpecification\",\"valueRequired\":true,\"valueName\":\"search_term_string\"}}],\"inLanguage\":\"ro-RO\"},{\"@type\":\"Organization\",\"@id\":\"https:\\\/\\\/pico-bello.hu\\\/#organization\",\"name\":\"Pico-Bello\",\"url\":\"https:\\\/\\\/pico-bello.hu\\\/\",\"logo\":{\"@type\":\"ImageObject\",\"inLanguage\":\"ro-RO\",\"@id\":\"https:\\\/\\\/pico-bello.hu\\\/#\\\/schema\\\/logo\\\/image\\\/\",\"url\":\"https:\\\/\\\/pico-bello.hu\\\/wp-content\\\/uploads\\\/2023\\\/03\\\/pico-bello-logo-512.png\",\"contentUrl\":\"https:\\\/\\\/pico-bello.hu\\\/wp-content\\\/uploads\\\/2023\\\/03\\\/pico-bello-logo-512.png\",\"width\":512,\"height\":512,\"caption\":\"Pico-Bello\"},\"image\":{\"@id\":\"https:\\\/\\\/pico-bello.hu\\\/#\\\/schema\\\/logo\\\/image\\\/\"}},{\"@type\":\"Person\",\"@id\":\"https:\\\/\\\/pico-bello.hu\\\/#\\\/schema\\\/person\\\/17858fb09c81472650b94bb4445c37ba\",\"name\":\"kisfrisch\",\"image\":{\"@type\":\"ImageObject\",\"inLanguage\":\"ro-RO\",\"@id\":\"https:\\\/\\\/secure.gravatar.com\\\/avatar\\\/138eb31f43d1c11124e4f96f48729bb19b7f7f89fe0dc05aea5963e1618714c0?s=96&d=mm&r=g\",\"url\":\"https:\\\/\\\/secure.gravatar.com\\\/avatar\\\/138eb31f43d1c11124e4f96f48729bb19b7f7f89fe0dc05aea5963e1618714c0?s=96&d=mm&r=g\",\"contentUrl\":\"https:\\\/\\\/secure.gravatar.com\\\/avatar\\\/138eb31f43d1c11124e4f96f48729bb19b7f7f89fe0dc05aea5963e1618714c0?s=96&d=mm&r=g\",\"caption\":\"kisfrisch\"}}]}<\/script>\n<!-- \/ Yoast SEO Premium plugin. -->","yoast_head_json":{"title":"Culoarea obstacolelor \u0219i vederea cailor | Pico Bello","description":"Cum percep caii culorile obstacolelor? Afla\u021bi mai multe despre vederea dicromatic\u0103 \u0219i rolul contrastelor \u00een antrenament \u0219i alege\u021bi un obstacol din gama Pico Bello!","robots":{"index":"index","follow":"follow","max-snippet":"max-snippet:-1","max-image-preview":"max-image-preview:large","max-video-preview":"max-video-preview:-1"},"canonical":"https:\/\/pico-bello.hu\/ro\/miert-szamit-az-akadaly-szine-amit-a-lo-latasa-alapjan-erdemes-tudni\/","og_locale":"ro_RO","og_type":"article","og_title":"Mi\u00e9rt sz\u00e1m\u00edt az akad\u00e1ly sz\u00edne? \u2013 Amit a l\u00f3 l\u00e1t\u00e1sa alapj\u00e1n \u00e9rdemes tudni | Pico-Bello","og_description":"Hogyan l\u00e1tj\u00e1k a lovak az akad\u00e1lyok sz\u00edneit? Ismerje meg a dikrom\u00e1t l\u00e1t\u00e1s \u00e9s a kontrasztok szerep\u00e9t az edz\u00e9sben, \u00e9s v\u00e1lasszon akad\u00e1lyt a Pico Bello k\u00edn\u00e1lat\u00e1b\u00f3l!","og_url":"https:\/\/pico-bello.hu\/ro\/miert-szamit-az-akadaly-szine-amit-a-lo-latasa-alapjan-erdemes-tudni\/","og_site_name":"Pico-Bello","article_published_time":"2026-07-14T09:21:32+00:00","og_image":[{"width":1024,"height":1024,"url":"https:\/\/pico-bello.hu\/wp-content\/uploads\/2026\/07\/akadalyok-szine.jpg","type":"image\/jpeg"}],"author":"kisfrisch","twitter_card":"summary_large_image","twitter_misc":{"Scris de":"kisfrisch","Timp estimat pentru citire":"3 minute"},"schema":{"@context":"https:\/\/schema.org","@graph":[{"@type":"Article","@id":"https:\/\/pico-bello.hu\/miert-szamit-az-akadaly-szine-amit-a-lo-latasa-alapjan-erdemes-tudni\/#article","isPartOf":{"@id":"https:\/\/pico-bello.hu\/miert-szamit-az-akadaly-szine-amit-a-lo-latasa-alapjan-erdemes-tudni\/"},"author":{"name":"kisfrisch","@id":"https:\/\/pico-bello.hu\/#\/schema\/person\/17858fb09c81472650b94bb4445c37ba"},"headline":"Mi\u00e9rt sz\u00e1m\u00edt az akad\u00e1ly sz\u00edne? \u2013 Amit a l\u00f3 l\u00e1t\u00e1sa alapj\u00e1n \u00e9rdemes tudni","datePublished":"2026-07-14T09:21:32+00:00","mainEntityOfPage":{"@id":"https:\/\/pico-bello.hu\/miert-szamit-az-akadaly-szine-amit-a-lo-latasa-alapjan-erdemes-tudni\/"},"wordCount":686,"publisher":{"@id":"https:\/\/pico-bello.hu\/#organization"},"image":{"@id":"https:\/\/pico-bello.hu\/miert-szamit-az-akadaly-szine-amit-a-lo-latasa-alapjan-erdemes-tudni\/#primaryimage"},"thumbnailUrl":"https:\/\/pico-bello.hu\/wp-content\/uploads\/2026\/07\/akadalyok-szine.jpg","articleSection":["Akad\u00e1lyok"],"inLanguage":"ro-RO"},{"@type":"WebPage","@id":"https:\/\/pico-bello.hu\/miert-szamit-az-akadaly-szine-amit-a-lo-latasa-alapjan-erdemes-tudni\/","url":"https:\/\/pico-bello.hu\/miert-szamit-az-akadaly-szine-amit-a-lo-latasa-alapjan-erdemes-tudni\/","name":"Culoarea obstacolelor \u0219i vederea cailor | Pico Bello","isPartOf":{"@id":"https:\/\/pico-bello.hu\/#website"},"primaryImageOfPage":{"@id":"https:\/\/pico-bello.hu\/miert-szamit-az-akadaly-szine-amit-a-lo-latasa-alapjan-erdemes-tudni\/#primaryimage"},"image":{"@id":"https:\/\/pico-bello.hu\/miert-szamit-az-akadaly-szine-amit-a-lo-latasa-alapjan-erdemes-tudni\/#primaryimage"},"thumbnailUrl":"https:\/\/pico-bello.hu\/wp-content\/uploads\/2026\/07\/akadalyok-szine.jpg","datePublished":"2026-07-14T09:21:32+00:00","description":"Cum percep caii culorile obstacolelor? Afla\u021bi mai multe despre vederea dicromatic\u0103 \u0219i rolul contrastelor \u00een antrenament \u0219i alege\u021bi un obstacol din gama Pico Bello!","breadcrumb":{"@id":"https:\/\/pico-bello.hu\/miert-szamit-az-akadaly-szine-amit-a-lo-latasa-alapjan-erdemes-tudni\/#breadcrumb"},"inLanguage":"ro-RO","potentialAction":[{"@type":"ReadAction","target":["https:\/\/pico-bello.hu\/miert-szamit-az-akadaly-szine-amit-a-lo-latasa-alapjan-erdemes-tudni\/"]}]},{"@type":"ImageObject","inLanguage":"ro-RO","@id":"https:\/\/pico-bello.hu\/miert-szamit-az-akadaly-szine-amit-a-lo-latasa-alapjan-erdemes-tudni\/#primaryimage","url":"https:\/\/pico-bello.hu\/wp-content\/uploads\/2026\/07\/akadalyok-szine.jpg","contentUrl":"https:\/\/pico-bello.hu\/wp-content\/uploads\/2026\/07\/akadalyok-szine.jpg","width":1024,"height":1024},{"@type":"BreadcrumbList","@id":"https:\/\/pico-bello.hu\/miert-szamit-az-akadaly-szine-amit-a-lo-latasa-alapjan-erdemes-tudni\/#breadcrumb","itemListElement":[{"@type":"ListItem","position":1,"name":"Kezd\u0151lap","item":"https:\/\/pico-bello.hu\/"},{"@type":"ListItem","position":2,"name":"Mi\u00e9rt sz\u00e1m\u00edt az akad\u00e1ly sz\u00edne? \u2013 Amit a l\u00f3 l\u00e1t\u00e1sa alapj\u00e1n \u00e9rdemes tudni"}]},{"@type":"WebSite","@id":"https:\/\/pico-bello.hu\/#website","url":"https:\/\/pico-bello.hu\/","name":"Pico-Bello","description":"S\u0103rituri peste obstacole \u0219i obstacole militare, obstacole ecvestre","publisher":{"@id":"https:\/\/pico-bello.hu\/#organization"},"potentialAction":[{"@type":"SearchAction","target":{"@type":"EntryPoint","urlTemplate":"https:\/\/pico-bello.hu\/?s={search_term_string}"},"query-input":{"@type":"PropertyValueSpecification","valueRequired":true,"valueName":"search_term_string"}}],"inLanguage":"ro-RO"},{"@type":"Organization","@id":"https:\/\/pico-bello.hu\/#organization","name":"Pico-Bello","url":"https:\/\/pico-bello.hu\/","logo":{"@type":"ImageObject","inLanguage":"ro-RO","@id":"https:\/\/pico-bello.hu\/#\/schema\/logo\/image\/","url":"https:\/\/pico-bello.hu\/wp-content\/uploads\/2023\/03\/pico-bello-logo-512.png","contentUrl":"https:\/\/pico-bello.hu\/wp-content\/uploads\/2023\/03\/pico-bello-logo-512.png","width":512,"height":512,"caption":"Pico-Bello"},"image":{"@id":"https:\/\/pico-bello.hu\/#\/schema\/logo\/image\/"}},{"@type":"Person","@id":"https:\/\/pico-bello.hu\/#\/schema\/person\/17858fb09c81472650b94bb4445c37ba","name":"kisfrisch","image":{"@type":"ImageObject","inLanguage":"ro-RO","@id":"https:\/\/secure.gravatar.com\/avatar\/138eb31f43d1c11124e4f96f48729bb19b7f7f89fe0dc05aea5963e1618714c0?s=96&d=mm&r=g","url":"https:\/\/secure.gravatar.com\/avatar\/138eb31f43d1c11124e4f96f48729bb19b7f7f89fe0dc05aea5963e1618714c0?s=96&d=mm&r=g","contentUrl":"https:\/\/secure.gravatar.com\/avatar\/138eb31f43d1c11124e4f96f48729bb19b7f7f89fe0dc05aea5963e1618714c0?s=96&d=mm&r=g","caption":"kisfrisch"}}]}},"_links":{"self":[{"href":"https:\/\/pico-bello.hu\/ro\/wp-json\/wp\/v2\/posts\/1469","targetHints":{"allow":["GET"]}}],"collection":[{"href":"https:\/\/pico-bello.hu\/ro\/wp-json\/wp\/v2\/posts"}],"about":[{"href":"https:\/\/pico-bello.hu\/ro\/wp-json\/wp\/v2\/types\/post"}],"author":[{"embeddable":true,"href":"https:\/\/pico-bello.hu\/ro\/wp-json\/wp\/v2\/users\/3"}],"replies":[{"embeddable":true,"href":"https:\/\/pico-bello.hu\/ro\/wp-json\/wp\/v2\/comments?post=1469"}],"version-history":[{"count":1,"href":"https:\/\/pico-bello.hu\/ro\/wp-json\/wp\/v2\/posts\/1469\/revisions"}],"predecessor-version":[{"id":1472,"href":"https:\/\/pico-bello.hu\/ro\/wp-json\/wp\/v2\/posts\/1469\/revisions\/1472"}],"wp:featuredmedia":[{"embeddable":true,"href":"https:\/\/pico-bello.hu\/ro\/wp-json\/wp\/v2\/media\/1471"}],"wp:attachment":[{"href":"https:\/\/pico-bello.hu\/ro\/wp-json\/wp\/v2\/media?parent=1469"}],"wp:term":[{"taxonomy":"category","embeddable":true,"href":"https:\/\/pico-bello.hu\/ro\/wp-json\/wp\/v2\/categories?post=1469"},{"taxonomy":"post_tag","embeddable":true,"href":"https:\/\/pico-bello.hu\/ro\/wp-json\/wp\/v2\/tags?post=1469"}],"curies":[{"name":"wp","href":"https:\/\/api.w.org\/{rel}","templated":true}]}}