{"id":1469,"date":"2026-07-14T11:21:32","date_gmt":"2026-07-14T09:21:32","guid":{"rendered":"https:\/\/pico-bello.hu\/?p=1469"},"modified":"2026-07-14T11:21:32","modified_gmt":"2026-07-14T09:21:32","slug":"miert-szamit-az-akadaly-szine-amit-a-lo-latasa-alapjan-erdemes-tudni","status":"publish","type":"post","link":"https:\/\/pico-bello.hu\/de\/miert-szamit-az-akadaly-szine-amit-a-lo-latasa-alapjan-erdemes-tudni\/","title":{"rendered":"Warum spielt die Farbe des Hindernisses eine Rolle? \u2013 Was man \u00fcber das Sehverm\u00f6gen des Pferdes wissen sollte"},"content":{"rendered":"<p><strong>Auf fortgeschrittenem und professionellem Niveau ist die Wahl der Farbe der Hindernisse nicht nur eine \u00e4sthetische Frage. Die Farbe und der Kontrast der Stangen k\u00f6nnen beeinflussen, wie leicht das Pferd das Hindernis wahrnimmt. Daher lohnt es sich, die Farben je nach Trainingsziel bewusst auszuw\u00e4hlen.<\/strong><\/p>\n<p>Das Sehverm\u00f6gen von Pferden unterscheidet sich von dem des Menschen, sodass sich ein und dasselbe Hindernis f\u00fcr sie ganz anders darstellen kann.<\/p>\n<h2>1. Wie sieht ein Pferd Farben?<\/h2>\n<p>Pferde verf\u00fcgen \u00fcber dichromatisches Sehverm\u00f6gen, das hei\u00dft, sie besitzen zwei Arten von Farbrezeptoren. Forschungen zufolge vor allem <strong>Sie nehmen den blauen und den gelblichen Farbbereich gut wahr<\/strong>, w\u00e4hrend sie die Rot- und Oranget\u00f6ne nicht so gut unterscheiden k\u00f6nnen wie Menschen.<\/p>\n<p>Neben den Farben spielen jedoch auch der Helligkeitsunterschied und die<strong> Kontrast zum Hintergrund<\/strong>.<\/p>\n<p>Auf einem Rasenplatz beispielsweise heben sich gr\u00fcnliche oder br\u00e4unliche Stangen weniger deutlich von der Umgebung ab als ein Hindernis in einem kr\u00e4ftigeren Blau oder einer hellen Farbe.<\/p>\n<h2>2. Ausbildung junger oder unsicherer Pferde<\/h2>\n<p>Wenn das Ziel darin besteht, dass <strong>damit das Pferd das Hindernis leichter erkennen kann<\/strong>, dann empfiehlt es sich, gut sichtbare, kontrastreiche Farben zu w\u00e4hlen.<\/p>\n<p>Blau und Gelb sind oft eine gute Wahl, da diese Farben auch f\u00fcr das Pferd gut wahrnehmbar sind. Au\u00dferdem kann der Wechsel zwischen hellen und dunklen Streifen dazu beitragen, dass das Pferd die Position der Stange leichter erkennen kann.<\/p>\n<p><strong>Nicht nur die Farbe, sondern auch der Hintergrund ist wichtig<\/strong>: Ein kontrastreiches Hindernis ist in der Regel leichter zu erkennen, was insbesondere bei jungen oder unerfahrenen Pferden das Selbstvertrauen st\u00e4rken kann.<\/p>\n<h2>3. Training f\u00fcr erfahrene Pferde<\/h2>\n<p>Auf h\u00f6herem Niveau setzen viele Trainer Hindernisse in verschiedenen Farben und Ausf\u00fchrungen ein, um <strong>das Pferd soll mit m\u00f6glichst vielen verschiedenen Situationen konfrontiert werden<\/strong> selbst beim Training zu Hause.<\/p>\n<p>Einfarbige Stangen oder Hindernisse mit geringem Kontrast k\u00f6nnen vom Pferd mehr Aufmerksamkeit erfordern, insbesondere wenn sie einen \u00e4hnlichen Farbton wie der Hintergrund haben. Dies kann dazu beitragen, dass das Pferd <strong>Verlassen Sie sich nicht ausschlie\u00dflich auf auff\u00e4llige visuelle Hinweise<\/strong>, sondern sich dem Hindernis in gleichm\u00e4\u00dfigem Rhythmus und mit guter Balance n\u00e4hern.<\/p>\n<p>Es ist jedoch wichtig, solche Aufgaben schrittweise einzuf\u00fchren, und <strong>Passen wir das Training stets an den Ausbildungsstand des Pferdes an.<\/strong><\/p>\n<h2>4. Die Rolle der Umwelt<\/h2>\n<p>Die Sichtbarkeit eines Hindernisses sollte immer im Zusammenhang mit seiner Umgebung betrachtet werden.<\/p>\n<p>In einer \u00fcberdachten Reithalle heben sich die helleren Hindernisse vor dunklen W\u00e4nden oder einem schattigen Hintergrund in der Regel besser ab.<\/p>\n<p>Auf einem sandigen (trockenen) Au\u00dfenplatz sorgen wei\u00dfe oder naturbelassene Holzstangen m\u00f6glicherweise f\u00fcr einen geringeren Kontrast, w\u00e4hrend <strong>Dunklere oder kr\u00e4ftigere Farben heben sich leichter vom Boden ab.<\/strong><\/p>\n<p>Die Farbe des Hindernisses allein bestimmt nicht, wie das Pferd springt, aber ein angemessener Kontrast kann dabei helfen, das Hindernis zu erkennen. Eine bewusste Farbwahl kann insbesondere bei jungen Pferden das Selbstvertrauen st\u00e4rken, w\u00e4hrend <strong>Bei erfahrenen Pferden k\u00f6nnen abwechslungsreiche Hindernisse zu einer vielseitigen Vorbereitung beitragen.<\/strong><\/p>\n<p>Das Wichtigste sind jedoch nach wie vor das richtige Training, der richtige Rhythmus und die <strong>Gleichgewicht und konsequentes Reiten<\/strong> \u2013 Ihre Rolle kann durch keine Hindernisfarbe ersetzt werden.<\/p>\n<p><a href=\"https:\/\/pico-bello.hu\/de\/produkt-kategorie\/akadalyok\/\">Schauen Sie sich unsere Hindernisse in einer gro\u00dfen Farbauswahl an, indem Sie hier klicken.<\/a><\/p>","protected":false},"excerpt":{"rendered":"<p>Halad\u00f3 \u00e9s profi szinten az akad\u00e1lyok sz\u00edn\u00e9nek kiv\u00e1laszt\u00e1sa nem csup\u00e1n eszt\u00e9tikai k\u00e9rd\u00e9s. A rudak sz\u00edne \u00e9s kontrasztja befoly\u00e1solhatja, hogy a l\u00f3 milyen k\u00f6nnyen \u00e9rz\u00e9keli az akad\u00e1lyt, ez\u00e9rt az edz\u00e9s c\u00e9lj\u00e1t\u00f3l f\u00fcgg\u0151en \u00e9rdemes tudatosan megv\u00e1lasztani a sz\u00edneket. A lovak l\u00e1t\u00e1sa elt\u00e9r az ember\u00e9t\u0151l, \u00edgy ugyanaz az akad\u00e1ly eg\u00e9szen m\u00e1sk\u00e9pp jelenhet meg sz\u00e1mukra. 1. Hogyan l\u00e1tja a &#8230; <a title=\"Warum spielt die Farbe des Hindernisses eine Rolle? \u2013 Was man \u00fcber das Sehverm\u00f6gen des Pferdes wissen sollte\" class=\"read-more\" href=\"https:\/\/pico-bello.hu\/de\/miert-szamit-az-akadaly-szine-amit-a-lo-latasa-alapjan-erdemes-tudni\/\" aria-label=\"Weitere Informationen zu \u201eWarum ist die Farbe des Hindernisses wichtig?\u201c \u2013 Wissenswertes \u00fcber das Sehverm\u00f6gen des Pferdes\">Mehr lesen<\/a><\/p>","protected":false},"author":3,"featured_media":1471,"comment_status":"closed","ping_status":"closed","sticky":false,"template":"","format":"standard","meta":{"footnotes":""},"categories":[50],"tags":[],"class_list":["post-1469","post","type-post","status-publish","format-standard","has-post-thumbnail","hentry","category-akadalyok"],"yoast_head":"<!-- This site is optimized with the Yoast SEO Premium plugin v28.3 (Yoast SEO v28.3) - https:\/\/yoast.com\/product\/yoast-seo-premium-wordpress\/ -->\n<title>Akad\u00e1lyok sz\u00edne \u00e9s a lovak l\u00e1t\u00e1sa | Pico Bello<\/title>\n<meta name=\"description\" content=\"Hogyan l\u00e1tj\u00e1k a lovak az akad\u00e1lyok sz\u00edneit? Ismerje meg a dikrom\u00e1t l\u00e1t\u00e1s \u00e9s a kontrasztok szerep\u00e9t az edz\u00e9sben, \u00e9s v\u00e1lasszon akad\u00e1lyt a Pico Bello k\u00edn\u00e1lat\u00e1b\u00f3l!\" \/>\n<meta name=\"robots\" content=\"index, follow, max-snippet:-1, max-image-preview:large, max-video-preview:-1\" \/>\n<link rel=\"canonical\" href=\"https:\/\/pico-bello.hu\/de\/miert-szamit-az-akadaly-szine-amit-a-lo-latasa-alapjan-erdemes-tudni\/\" \/>\n<meta property=\"og:locale\" content=\"de_DE\" \/>\n<meta property=\"og:type\" content=\"article\" \/>\n<meta property=\"og:title\" content=\"Mi\u00e9rt sz\u00e1m\u00edt az akad\u00e1ly sz\u00edne? \u2013 Amit a l\u00f3 l\u00e1t\u00e1sa alapj\u00e1n \u00e9rdemes tudni | Pico-Bello\" \/>\n<meta property=\"og:description\" content=\"Hogyan l\u00e1tj\u00e1k a lovak az akad\u00e1lyok sz\u00edneit? Ismerje meg a dikrom\u00e1t l\u00e1t\u00e1s \u00e9s a kontrasztok szerep\u00e9t az edz\u00e9sben, \u00e9s v\u00e1lasszon akad\u00e1lyt a Pico Bello k\u00edn\u00e1lat\u00e1b\u00f3l!\" \/>\n<meta property=\"og:url\" content=\"https:\/\/pico-bello.hu\/de\/miert-szamit-az-akadaly-szine-amit-a-lo-latasa-alapjan-erdemes-tudni\/\" \/>\n<meta property=\"og:site_name\" content=\"Pico-Bello\" \/>\n<meta property=\"article:published_time\" content=\"2026-07-14T09:21:32+00:00\" \/>\n<meta property=\"og:image\" content=\"https:\/\/pico-bello.hu\/wp-content\/uploads\/2026\/07\/akadalyok-szine.jpg\" \/>\n\t<meta property=\"og:image:width\" content=\"1024\" \/>\n\t<meta property=\"og:image:height\" content=\"1024\" \/>\n\t<meta property=\"og:image:type\" content=\"image\/jpeg\" \/>\n<meta name=\"author\" content=\"kisfrisch\" \/>\n<meta name=\"twitter:card\" content=\"summary_large_image\" \/>\n<meta name=\"twitter:label1\" content=\"Verfasst von\" \/>\n\t<meta name=\"twitter:data1\" content=\"kisfrisch\" \/>\n\t<meta name=\"twitter:label2\" content=\"Gesch\u00e4tzte Lesezeit\" \/>\n\t<meta name=\"twitter:data2\" content=\"3\u00a0Minuten\" \/>\n<script type=\"application\/ld+json\" class=\"yoast-schema-graph\">{\"@context\":\"https:\\\/\\\/schema.org\",\"@graph\":[{\"@type\":\"Article\",\"@id\":\"https:\\\/\\\/pico-bello.hu\\\/miert-szamit-az-akadaly-szine-amit-a-lo-latasa-alapjan-erdemes-tudni\\\/#article\",\"isPartOf\":{\"@id\":\"https:\\\/\\\/pico-bello.hu\\\/miert-szamit-az-akadaly-szine-amit-a-lo-latasa-alapjan-erdemes-tudni\\\/\"},\"author\":{\"name\":\"kisfrisch\",\"@id\":\"https:\\\/\\\/pico-bello.hu\\\/#\\\/schema\\\/person\\\/17858fb09c81472650b94bb4445c37ba\"},\"headline\":\"Mi\u00e9rt sz\u00e1m\u00edt az akad\u00e1ly sz\u00edne? \u2013 Amit a l\u00f3 l\u00e1t\u00e1sa alapj\u00e1n \u00e9rdemes tudni\",\"datePublished\":\"2026-07-14T09:21:32+00:00\",\"mainEntityOfPage\":{\"@id\":\"https:\\\/\\\/pico-bello.hu\\\/miert-szamit-az-akadaly-szine-amit-a-lo-latasa-alapjan-erdemes-tudni\\\/\"},\"wordCount\":686,\"publisher\":{\"@id\":\"https:\\\/\\\/pico-bello.hu\\\/#organization\"},\"image\":{\"@id\":\"https:\\\/\\\/pico-bello.hu\\\/miert-szamit-az-akadaly-szine-amit-a-lo-latasa-alapjan-erdemes-tudni\\\/#primaryimage\"},\"thumbnailUrl\":\"https:\\\/\\\/pico-bello.hu\\\/wp-content\\\/uploads\\\/2026\\\/07\\\/akadalyok-szine.jpg\",\"articleSection\":[\"Akad\u00e1lyok\"],\"inLanguage\":\"de\"},{\"@type\":\"WebPage\",\"@id\":\"https:\\\/\\\/pico-bello.hu\\\/miert-szamit-az-akadaly-szine-amit-a-lo-latasa-alapjan-erdemes-tudni\\\/\",\"url\":\"https:\\\/\\\/pico-bello.hu\\\/miert-szamit-az-akadaly-szine-amit-a-lo-latasa-alapjan-erdemes-tudni\\\/\",\"name\":\"Akad\u00e1lyok sz\u00edne \u00e9s a lovak l\u00e1t\u00e1sa | Pico Bello\",\"isPartOf\":{\"@id\":\"https:\\\/\\\/pico-bello.hu\\\/#website\"},\"primaryImageOfPage\":{\"@id\":\"https:\\\/\\\/pico-bello.hu\\\/miert-szamit-az-akadaly-szine-amit-a-lo-latasa-alapjan-erdemes-tudni\\\/#primaryimage\"},\"image\":{\"@id\":\"https:\\\/\\\/pico-bello.hu\\\/miert-szamit-az-akadaly-szine-amit-a-lo-latasa-alapjan-erdemes-tudni\\\/#primaryimage\"},\"thumbnailUrl\":\"https:\\\/\\\/pico-bello.hu\\\/wp-content\\\/uploads\\\/2026\\\/07\\\/akadalyok-szine.jpg\",\"datePublished\":\"2026-07-14T09:21:32+00:00\",\"description\":\"Hogyan l\u00e1tj\u00e1k a lovak az akad\u00e1lyok sz\u00edneit? Ismerje meg a dikrom\u00e1t l\u00e1t\u00e1s \u00e9s a kontrasztok szerep\u00e9t az edz\u00e9sben, \u00e9s v\u00e1lasszon akad\u00e1lyt a Pico Bello k\u00edn\u00e1lat\u00e1b\u00f3l!\",\"breadcrumb\":{\"@id\":\"https:\\\/\\\/pico-bello.hu\\\/miert-szamit-az-akadaly-szine-amit-a-lo-latasa-alapjan-erdemes-tudni\\\/#breadcrumb\"},\"inLanguage\":\"de\",\"potentialAction\":[{\"@type\":\"ReadAction\",\"target\":[\"https:\\\/\\\/pico-bello.hu\\\/miert-szamit-az-akadaly-szine-amit-a-lo-latasa-alapjan-erdemes-tudni\\\/\"]}]},{\"@type\":\"ImageObject\",\"inLanguage\":\"de\",\"@id\":\"https:\\\/\\\/pico-bello.hu\\\/miert-szamit-az-akadaly-szine-amit-a-lo-latasa-alapjan-erdemes-tudni\\\/#primaryimage\",\"url\":\"https:\\\/\\\/pico-bello.hu\\\/wp-content\\\/uploads\\\/2026\\\/07\\\/akadalyok-szine.jpg\",\"contentUrl\":\"https:\\\/\\\/pico-bello.hu\\\/wp-content\\\/uploads\\\/2026\\\/07\\\/akadalyok-szine.jpg\",\"width\":1024,\"height\":1024},{\"@type\":\"BreadcrumbList\",\"@id\":\"https:\\\/\\\/pico-bello.hu\\\/miert-szamit-az-akadaly-szine-amit-a-lo-latasa-alapjan-erdemes-tudni\\\/#breadcrumb\",\"itemListElement\":[{\"@type\":\"ListItem\",\"position\":1,\"name\":\"Kezd\u0151lap\",\"item\":\"https:\\\/\\\/pico-bello.hu\\\/\"},{\"@type\":\"ListItem\",\"position\":2,\"name\":\"Mi\u00e9rt sz\u00e1m\u00edt az akad\u00e1ly sz\u00edne? \u2013 Amit a l\u00f3 l\u00e1t\u00e1sa alapj\u00e1n \u00e9rdemes tudni\"}]},{\"@type\":\"WebSite\",\"@id\":\"https:\\\/\\\/pico-bello.hu\\\/#website\",\"url\":\"https:\\\/\\\/pico-bello.hu\\\/\",\"name\":\"Pico-Bello\",\"description\":\"D\u00edjugrat\u00f3 \u00e9s Military akad\u00e1lyok, lovas akad\u00e1lyrudak\",\"publisher\":{\"@id\":\"https:\\\/\\\/pico-bello.hu\\\/#organization\"},\"potentialAction\":[{\"@type\":\"SearchAction\",\"target\":{\"@type\":\"EntryPoint\",\"urlTemplate\":\"https:\\\/\\\/pico-bello.hu\\\/?s={search_term_string}\"},\"query-input\":{\"@type\":\"PropertyValueSpecification\",\"valueRequired\":true,\"valueName\":\"search_term_string\"}}],\"inLanguage\":\"de\"},{\"@type\":\"Organization\",\"@id\":\"https:\\\/\\\/pico-bello.hu\\\/#organization\",\"name\":\"Pico-Bello\",\"url\":\"https:\\\/\\\/pico-bello.hu\\\/\",\"logo\":{\"@type\":\"ImageObject\",\"inLanguage\":\"de\",\"@id\":\"https:\\\/\\\/pico-bello.hu\\\/#\\\/schema\\\/logo\\\/image\\\/\",\"url\":\"https:\\\/\\\/pico-bello.hu\\\/wp-content\\\/uploads\\\/2023\\\/03\\\/pico-bello-logo-512.png\",\"contentUrl\":\"https:\\\/\\\/pico-bello.hu\\\/wp-content\\\/uploads\\\/2023\\\/03\\\/pico-bello-logo-512.png\",\"width\":512,\"height\":512,\"caption\":\"Pico-Bello\"},\"image\":{\"@id\":\"https:\\\/\\\/pico-bello.hu\\\/#\\\/schema\\\/logo\\\/image\\\/\"}},{\"@type\":\"Person\",\"@id\":\"https:\\\/\\\/pico-bello.hu\\\/#\\\/schema\\\/person\\\/17858fb09c81472650b94bb4445c37ba\",\"name\":\"kisfrisch\",\"image\":{\"@type\":\"ImageObject\",\"inLanguage\":\"de\",\"@id\":\"https:\\\/\\\/secure.gravatar.com\\\/avatar\\\/138eb31f43d1c11124e4f96f48729bb19b7f7f89fe0dc05aea5963e1618714c0?s=96&d=mm&r=g\",\"url\":\"https:\\\/\\\/secure.gravatar.com\\\/avatar\\\/138eb31f43d1c11124e4f96f48729bb19b7f7f89fe0dc05aea5963e1618714c0?s=96&d=mm&r=g\",\"contentUrl\":\"https:\\\/\\\/secure.gravatar.com\\\/avatar\\\/138eb31f43d1c11124e4f96f48729bb19b7f7f89fe0dc05aea5963e1618714c0?s=96&d=mm&r=g\",\"caption\":\"kisfrisch\"}}]}<\/script>\n<!-- \/ Yoast SEO Premium plugin. -->","yoast_head_json":{"title":"Die Farbe der Hindernisse und das Sehverm\u00f6gen der Pferde | Pico Bello","description":"Wie nehmen Pferde die Farben der Hindernisse wahr? Erfahren Sie mehr \u00fcber das dichromatische Sehen und die Rolle von Kontrasten im Training und w\u00e4hlen Sie ein Hindernis aus dem Sortiment von Pico Bello aus!","robots":{"index":"index","follow":"follow","max-snippet":"max-snippet:-1","max-image-preview":"max-image-preview:large","max-video-preview":"max-video-preview:-1"},"canonical":"https:\/\/pico-bello.hu\/de\/miert-szamit-az-akadaly-szine-amit-a-lo-latasa-alapjan-erdemes-tudni\/","og_locale":"de_DE","og_type":"article","og_title":"Mi\u00e9rt sz\u00e1m\u00edt az akad\u00e1ly sz\u00edne? \u2013 Amit a l\u00f3 l\u00e1t\u00e1sa alapj\u00e1n \u00e9rdemes tudni | Pico-Bello","og_description":"Hogyan l\u00e1tj\u00e1k a lovak az akad\u00e1lyok sz\u00edneit? Ismerje meg a dikrom\u00e1t l\u00e1t\u00e1s \u00e9s a kontrasztok szerep\u00e9t az edz\u00e9sben, \u00e9s v\u00e1lasszon akad\u00e1lyt a Pico Bello k\u00edn\u00e1lat\u00e1b\u00f3l!","og_url":"https:\/\/pico-bello.hu\/de\/miert-szamit-az-akadaly-szine-amit-a-lo-latasa-alapjan-erdemes-tudni\/","og_site_name":"Pico-Bello","article_published_time":"2026-07-14T09:21:32+00:00","og_image":[{"width":1024,"height":1024,"url":"https:\/\/pico-bello.hu\/wp-content\/uploads\/2026\/07\/akadalyok-szine.jpg","type":"image\/jpeg"}],"author":"kisfrisch","twitter_card":"summary_large_image","twitter_misc":{"Verfasst von":"kisfrisch","Gesch\u00e4tzte Lesezeit":"3\u00a0Minuten"},"schema":{"@context":"https:\/\/schema.org","@graph":[{"@type":"Article","@id":"https:\/\/pico-bello.hu\/miert-szamit-az-akadaly-szine-amit-a-lo-latasa-alapjan-erdemes-tudni\/#article","isPartOf":{"@id":"https:\/\/pico-bello.hu\/miert-szamit-az-akadaly-szine-amit-a-lo-latasa-alapjan-erdemes-tudni\/"},"author":{"name":"kisfrisch","@id":"https:\/\/pico-bello.hu\/#\/schema\/person\/17858fb09c81472650b94bb4445c37ba"},"headline":"Mi\u00e9rt sz\u00e1m\u00edt az akad\u00e1ly sz\u00edne? \u2013 Amit a l\u00f3 l\u00e1t\u00e1sa alapj\u00e1n \u00e9rdemes tudni","datePublished":"2026-07-14T09:21:32+00:00","mainEntityOfPage":{"@id":"https:\/\/pico-bello.hu\/miert-szamit-az-akadaly-szine-amit-a-lo-latasa-alapjan-erdemes-tudni\/"},"wordCount":686,"publisher":{"@id":"https:\/\/pico-bello.hu\/#organization"},"image":{"@id":"https:\/\/pico-bello.hu\/miert-szamit-az-akadaly-szine-amit-a-lo-latasa-alapjan-erdemes-tudni\/#primaryimage"},"thumbnailUrl":"https:\/\/pico-bello.hu\/wp-content\/uploads\/2026\/07\/akadalyok-szine.jpg","articleSection":["Akad\u00e1lyok"],"inLanguage":"de"},{"@type":"WebPage","@id":"https:\/\/pico-bello.hu\/miert-szamit-az-akadaly-szine-amit-a-lo-latasa-alapjan-erdemes-tudni\/","url":"https:\/\/pico-bello.hu\/miert-szamit-az-akadaly-szine-amit-a-lo-latasa-alapjan-erdemes-tudni\/","name":"Die Farbe der Hindernisse und das Sehverm\u00f6gen der Pferde | Pico Bello","isPartOf":{"@id":"https:\/\/pico-bello.hu\/#website"},"primaryImageOfPage":{"@id":"https:\/\/pico-bello.hu\/miert-szamit-az-akadaly-szine-amit-a-lo-latasa-alapjan-erdemes-tudni\/#primaryimage"},"image":{"@id":"https:\/\/pico-bello.hu\/miert-szamit-az-akadaly-szine-amit-a-lo-latasa-alapjan-erdemes-tudni\/#primaryimage"},"thumbnailUrl":"https:\/\/pico-bello.hu\/wp-content\/uploads\/2026\/07\/akadalyok-szine.jpg","datePublished":"2026-07-14T09:21:32+00:00","description":"Wie nehmen Pferde die Farben der Hindernisse wahr? Erfahren Sie mehr \u00fcber das dichromatische Sehen und die Rolle von Kontrasten im Training und w\u00e4hlen Sie ein Hindernis aus dem Sortiment von Pico Bello aus!","breadcrumb":{"@id":"https:\/\/pico-bello.hu\/miert-szamit-az-akadaly-szine-amit-a-lo-latasa-alapjan-erdemes-tudni\/#breadcrumb"},"inLanguage":"de","potentialAction":[{"@type":"ReadAction","target":["https:\/\/pico-bello.hu\/miert-szamit-az-akadaly-szine-amit-a-lo-latasa-alapjan-erdemes-tudni\/"]}]},{"@type":"ImageObject","inLanguage":"de","@id":"https:\/\/pico-bello.hu\/miert-szamit-az-akadaly-szine-amit-a-lo-latasa-alapjan-erdemes-tudni\/#primaryimage","url":"https:\/\/pico-bello.hu\/wp-content\/uploads\/2026\/07\/akadalyok-szine.jpg","contentUrl":"https:\/\/pico-bello.hu\/wp-content\/uploads\/2026\/07\/akadalyok-szine.jpg","width":1024,"height":1024},{"@type":"BreadcrumbList","@id":"https:\/\/pico-bello.hu\/miert-szamit-az-akadaly-szine-amit-a-lo-latasa-alapjan-erdemes-tudni\/#breadcrumb","itemListElement":[{"@type":"ListItem","position":1,"name":"Kezd\u0151lap","item":"https:\/\/pico-bello.hu\/"},{"@type":"ListItem","position":2,"name":"Mi\u00e9rt sz\u00e1m\u00edt az akad\u00e1ly sz\u00edne? \u2013 Amit a l\u00f3 l\u00e1t\u00e1sa alapj\u00e1n \u00e9rdemes tudni"}]},{"@type":"WebSite","@id":"https:\/\/pico-bello.hu\/#website","url":"https:\/\/pico-bello.hu\/","name":"Pico-Bello","description":"Springreiten und Military-H\u00fcrdenlauf, Hindernislauf zu Pferde","publisher":{"@id":"https:\/\/pico-bello.hu\/#organization"},"potentialAction":[{"@type":"SearchAction","target":{"@type":"EntryPoint","urlTemplate":"https:\/\/pico-bello.hu\/?s={search_term_string}"},"query-input":{"@type":"PropertyValueSpecification","valueRequired":true,"valueName":"search_term_string"}}],"inLanguage":"de"},{"@type":"Organization","@id":"https:\/\/pico-bello.hu\/#organization","name":"Pico-Bello","url":"https:\/\/pico-bello.hu\/","logo":{"@type":"ImageObject","inLanguage":"de","@id":"https:\/\/pico-bello.hu\/#\/schema\/logo\/image\/","url":"https:\/\/pico-bello.hu\/wp-content\/uploads\/2023\/03\/pico-bello-logo-512.png","contentUrl":"https:\/\/pico-bello.hu\/wp-content\/uploads\/2023\/03\/pico-bello-logo-512.png","width":512,"height":512,"caption":"Pico-Bello"},"image":{"@id":"https:\/\/pico-bello.hu\/#\/schema\/logo\/image\/"}},{"@type":"Person","@id":"https:\/\/pico-bello.hu\/#\/schema\/person\/17858fb09c81472650b94bb4445c37ba","name":"kisfrisch","image":{"@type":"ImageObject","inLanguage":"de","@id":"https:\/\/secure.gravatar.com\/avatar\/138eb31f43d1c11124e4f96f48729bb19b7f7f89fe0dc05aea5963e1618714c0?s=96&d=mm&r=g","url":"https:\/\/secure.gravatar.com\/avatar\/138eb31f43d1c11124e4f96f48729bb19b7f7f89fe0dc05aea5963e1618714c0?s=96&d=mm&r=g","contentUrl":"https:\/\/secure.gravatar.com\/avatar\/138eb31f43d1c11124e4f96f48729bb19b7f7f89fe0dc05aea5963e1618714c0?s=96&d=mm&r=g","caption":"kisfrisch"}}]}},"_links":{"self":[{"href":"https:\/\/pico-bello.hu\/de\/wp-json\/wp\/v2\/posts\/1469","targetHints":{"allow":["GET"]}}],"collection":[{"href":"https:\/\/pico-bello.hu\/de\/wp-json\/wp\/v2\/posts"}],"about":[{"href":"https:\/\/pico-bello.hu\/de\/wp-json\/wp\/v2\/types\/post"}],"author":[{"embeddable":true,"href":"https:\/\/pico-bello.hu\/de\/wp-json\/wp\/v2\/users\/3"}],"replies":[{"embeddable":true,"href":"https:\/\/pico-bello.hu\/de\/wp-json\/wp\/v2\/comments?post=1469"}],"version-history":[{"count":1,"href":"https:\/\/pico-bello.hu\/de\/wp-json\/wp\/v2\/posts\/1469\/revisions"}],"predecessor-version":[{"id":1472,"href":"https:\/\/pico-bello.hu\/de\/wp-json\/wp\/v2\/posts\/1469\/revisions\/1472"}],"wp:featuredmedia":[{"embeddable":true,"href":"https:\/\/pico-bello.hu\/de\/wp-json\/wp\/v2\/media\/1471"}],"wp:attachment":[{"href":"https:\/\/pico-bello.hu\/de\/wp-json\/wp\/v2\/media?parent=1469"}],"wp:term":[{"taxonomy":"category","embeddable":true,"href":"https:\/\/pico-bello.hu\/de\/wp-json\/wp\/v2\/categories?post=1469"},{"taxonomy":"post_tag","embeddable":true,"href":"https:\/\/pico-bello.hu\/de\/wp-json\/wp\/v2\/tags?post=1469"}],"curies":[{"name":"wp","href":"https:\/\/api.w.org\/{rel}","templated":true}]}}